{"id":407,"date":"2021-09-15T09:36:23","date_gmt":"2021-09-15T07:36:23","guid":{"rendered":"https:\/\/www.opco.fr\/info\/?p=407"},"modified":"2021-09-15T09:36:23","modified_gmt":"2021-09-15T07:36:23","slug":"rapport-dactivite-de-france-competence","status":"publish","type":"post","link":"https:\/\/www.opco.fr\/info\/rapport-dactivite-de-france-competence\/","title":{"rendered":"Rapport d&rsquo;activit\u00e9 de France Comp\u00e9tence"},"content":{"rendered":"[vc_row][vc_column][vc_column_text el_id=\u00a0\u00bbWP-intro\u00a0\u00bb]En juin dernier, forte de sa deuxi\u00e8me ann\u00e9e de fonctionnement, France Comp\u00e9tences publiait son rapport d\u2019activit\u00e9s 2020. Un \u00e9crit qui refl\u00e8te les enjeux cruciaux de la formation au c\u0153ur du march\u00e9 de l\u2019emploi mais aussi les grands d\u00e9fis d\u2019une p\u00e9riode marqu\u00e9e par la crise sanitaire. France Comp\u00e9tences partage l\u2019\u00e9tendue de son action multiaxiale autour du faisceau de ses missions : financer, r\u00e9guler, am\u00e9liorer. 2020 fut l\u2019occasion d\u2019abattre un travail consid\u00e9rable qui s\u2019inscrit dans la lign\u00e9e de la loi Avenir et en synergie avec les nombreux acteurs de la formation et de la qualification.<\/p>\n[\/vc_column_text][vc_empty_space][vc_column_text el_class=\u00a0\u00bbWP-texte\u00a0\u00bb]\n<h2>France Comp\u00e9tences, en mission pour la formation<\/h2>\n<p>La loi Avenir, promulgu\u00e9e en 2018, visant \u00e0 optimaliser la formation et l\u2019apprentissage au regard des besoins du march\u00e9 de l\u2019emploi, instituait par la m\u00eame occasion la cr\u00e9ation d\u2019un nouvelle instance nomm\u00e9e France Comp\u00e9tences. Amor\u00e7ant son histoire au 1er janvier 2019, France Comp\u00e9tences est alors mandat\u00e9e pour poursuivre trois missions centrales : financer, r\u00e9guler et am\u00e9liorer le fonctionnement de l\u2019ensemble du march\u00e9 de la formation. Elle s\u2019appuie pour cela sur une collaboration solide et \u00e9tendue avec de nombreux acteurs comme les OPCO, les Observatoires Prospectifs, les branches professionnelles et les op\u00e9rateurs de certification. Apr\u00e8s sa deuxi\u00e8me ann\u00e9e d\u2019existence, France Comp\u00e9tences publie un rapport d\u2019activit\u00e9s profilant 2020 comme une ann\u00e9e de consolidation et d\u2019harmonisation, malgr\u00e9 les \u00e9cueils d\u2019une crise sanitaire cons\u00e9quente.<\/p>\n<h2>2020 : les r\u00e9sultats<\/h2>\n<p>La convention d\u2019objectifs et de performance \u2013 COP \u2013 sign\u00e9e par France Comp\u00e9tences et l\u2019Etat fran\u00e7ais, a d\u00e9fini les enjeux vis\u00e9s pour l\u2019ann\u00e9e 2020. Toujours dans le faisceau des trois missions de financement, de r\u00e9gulation et d\u2019am\u00e9lioration, ces objectifs concernent la certification professionnelle, les niveaux de prise en charge de l\u2019apprentissage, la r\u00e9partition des financements, la collaboration avec les observatoires et le pilotage des op\u00e9rateurs du CEP. France Comp\u00e9tences s\u2019est attel\u00e9e \u00e0 traverser 2020, avec ces enjeux en ligne de mire malgr\u00e9 les perturbations li\u00e9es \u00e0 la crise de la Covid19.<\/p>\n<h3>Financer<\/h3>\n<p>France Comp\u00e9tences assure deux actions principales li\u00e9es au financement des formations : la mutualisation des fonds et leur r\u00e9partition entre les diff\u00e9rents dispositifs. D\u00e8s 2022, la collecte de la contribution des entreprises \u00e0 la formation et \u00e0 l\u2019apprentissage sera exclusivement effectu\u00e9e par l\u2019URSAFF. Dans cette p\u00e9riode de transition, les fonds sont collect\u00e9s par les OPCO et ensuite r\u00e9partis, par ceux-ci et par France Comp\u00e9tences, selon diverses affectations. Le budget 2020 pr\u00e9sente un d\u00e9ficit cons\u00e9quent. En cause : la baisse des recettes surtout li\u00e9e \u00e0 la crise sanitaire et l\u2019augmentation de la demande en mati\u00e8re de financements de formations.<\/p>\n<h3>R\u00e9guler<\/h3>\n<p>La crise sanitaire n\u2019a fait qu\u2019accentuer le caract\u00e8re essentiel de la formation, de la gestion des comp\u00e9tences et de l\u2019apprentissage pour assurer l\u2019\u00e9quilibre d\u2019un march\u00e9 de l\u2019emploi performant. S\u2019inscrivant dans les lignes directrices de la COP, le travail de France Comp\u00e9tences, en mati\u00e8re de r\u00e9gulation, se r\u00e9v\u00e8le donc crucial. En 2020, l\u2019accent fut mis sur les certifications QUALIOPI et notamment sur la fluidit\u00e9 et l\u2019harmonisation des pratiques entre les diff\u00e9rentes instances de labellisation. Du c\u00f4t\u00e9 des certifications professionnelles, on retrouve \u00e9galement un travail d\u2019harmonisation pour en assurer le niveau de qualit\u00e9 et de pertinence. Les 18 op\u00e9rateurs en charge du CEP, le Conseil en Evolution Professionnelle, ont b\u00e9n\u00e9fici\u00e9 d\u2019un pilotage de France Comp\u00e9tences et de la mise \u00e0 disposition d\u2019outils de fonctionnement. Un bilan positif sur ces mati\u00e8res, m\u00eame si des adaptations cons\u00e9quentes restent au programme pour les ann\u00e9es suivantes.<\/p>\n<h3>Am\u00e9liorer<\/h3>\n<p>La collaboration de France Comp\u00e9tences avec les OPMQ, Observatoires Prospectifs des M\u00e9tiers et des Qualifications, \u00e9tait sous les feux des projecteurs en 2020. L\u2019opportunit\u00e9 de r\u00e9aliser une analyse approfondie de la situation actuelle pour poser les fondations d\u2019une coop\u00e9ration future optimale. France Comp\u00e9tences a propos\u00e9 un premier webinaire \u00e0 destination des OPMQ, suivi de la tenue de tables rondes. Autant d\u2019occasions de r\u00e9fl\u00e9chir \u00e0 l\u2019avenir en synergie, et, notamment, \u00e0 la cr\u00e9ation d\u2019un projet d\u2019espace num\u00e9rique.<\/p>\n<h2>Focus sur trois chantiers majeurs de 2020<\/h2>\n<p>Le rapport d\u2019activit\u00e9s de France Comp\u00e9tences revient \u00e9galement sur trois dossiers sp\u00e9cifiques qui constitu\u00e8rent des chantiers majeurs en 2020.<\/p>\n<ul>\n<li>L\u2019institution publique a planch\u00e9 sur la simplification de l\u2019enregistrement des certifications professionnelles pour les m\u00e9tiers \u00e9mergents ou en forte \u00e9volution. Une fa\u00e7on d\u2019acc\u00e9l\u00e9rer le processus pour favoriser le dynamisme et la bonne sant\u00e9 de ces secteurs aux besoins urgents.<\/li>\n<li>2020 a vu la cr\u00e9ation d\u2019un outil informatique destin\u00e9 \u00e0 optimaliser l\u2019analyse des besoins en comp\u00e9tences du march\u00e9 de l\u2019emploi. Ce dispositif soutient les Observatoires Prospectifs dans leur travail de cartographie du march\u00e9.<\/li>\n<li>France Comp\u00e9tences est le d\u00e9positaire d\u2019une immense quantit\u00e9 d\u2019informations virtuelles qui transitent par ses \u00e9quipes. La gestion et l\u2019exploitation des DATA repr\u00e9sente donc un enjeu d\u2019avenir important. L\u2019institution s\u2019est attel\u00e9e, en 2020, \u00e0 faire de ces donn\u00e9es un r\u00e9servoir d\u2019information destin\u00e9 \u00e0 \u00e9clairer et \u00e0 mieux r\u00e9guler la formation professionnelle et l\u2019apprentissage.<\/li>\n<\/ul>\n<p>Pour entrer dans les d\u00e9tails des travaux de France Comp\u00e9tences, consultez <a href=\"https:\/\/francecompetences.fr\/flipbook\/rapport-activite-2020\/files\/downloads\/Rapport%20d%E2%80%99activit%C3%A9%202020.pdf\">le rapport d\u2019activit\u00e9s de l\u2019ann\u00e9e 2020<\/a>.<\/p>\n[\/vc_column_text][\/vc_column][\/vc_row]\n","protected":false},"excerpt":{"rendered":"<p>[vc_row][vc_column][vc_column_text el_id=\u00a0\u00bbWP-intro\u00a0\u00bb]En juin dernier, forte de sa deuxi\u00e8me ann\u00e9e de fonctionnement, France Comp\u00e9tences publiait son rapport d\u2019activit\u00e9s 2020. Un \u00e9crit qui refl\u00e8te les enjeux cruciaux de la formation au c\u0153ur du march\u00e9 de l\u2019emploi mais aussi les grands d\u00e9fis d\u2019une p\u00e9riode marqu\u00e9e par la crise sanitaire. France Comp\u00e9tences partage l\u2019\u00e9tendue de son action multiaxiale autour [&hellip;]<\/p>\n","protected":false},"author":1,"featured_media":408,"comment_status":"closed","ping_status":"open","sticky":false,"template":"","format":"standard","meta":[],"categories":[3],"tags":[],"yoast_head":"<!-- This site is optimized with the Yoast SEO plugin v16.1.1 - https:\/\/yoast.com\/wordpress\/plugins\/seo\/ -->\n<title>Rapport d&#039;activit\u00e9 de France Comp\u00e9tence - OPCO.fr<\/title>\n<link rel=\"canonical\" href=\"https:\/\/www.opco.fr\/info\/rapport-dactivite-de-france-competence\/\" \/>\n<meta property=\"og:locale\" content=\"fr_FR\" \/>\n<meta property=\"og:type\" content=\"article\" \/>\n<meta property=\"og:title\" content=\"Rapport d&#039;activit\u00e9 de France Comp\u00e9tence - OPCO.fr\" \/>\n<meta property=\"og:description\" content=\"[vc_row][vc_column][vc_column_text el_id=\u00a0\u00bbWP-intro\u00a0\u00bb]En juin dernier, forte de sa deuxi\u00e8me ann\u00e9e de fonctionnement, France Comp\u00e9tences publiait son rapport d\u2019activit\u00e9s 2020. Un \u00e9crit qui refl\u00e8te les enjeux cruciaux de la formation au c\u0153ur du march\u00e9 de l\u2019emploi mais aussi les grands d\u00e9fis d\u2019une p\u00e9riode marqu\u00e9e par la crise sanitaire. France Comp\u00e9tences partage l\u2019\u00e9tendue de son action multiaxiale autour [&hellip;]\" \/>\n<meta property=\"og:url\" content=\"https:\/\/www.opco.fr\/info\/rapport-dactivite-de-france-competence\/\" \/>\n<meta property=\"og:site_name\" content=\"OPCO.fr\" \/>\n<meta property=\"article:published_time\" content=\"2021-09-15T07:36:23+00:00\" \/>\n<meta property=\"og:image\" content=\"https:\/\/www.opco.fr\/info\/wp-content\/uploads\/2021\/09\/rapport.jpg\" \/>\n\t<meta property=\"og:image:width\" content=\"1267\" \/>\n\t<meta property=\"og:image:height\" content=\"568\" \/>\n<meta name=\"twitter:card\" content=\"summary_large_image\" \/>\n<meta name=\"twitter:label1\" content=\"Dur\u00e9e de lecture est.\">\n\t<meta name=\"twitter:data1\" content=\"4 minutes\">\n<script type=\"application\/ld+json\" class=\"yoast-schema-graph\">{\"@context\":\"https:\/\/schema.org\",\"@graph\":[{\"@type\":\"WebSite\",\"@id\":\"https:\/\/www.opco.fr\/info\/#website\",\"url\":\"https:\/\/www.opco.fr\/info\/\",\"name\":\"OPCO.fr\",\"description\":\"Optimisateur de comp\\u00e9tences\",\"potentialAction\":[{\"@type\":\"SearchAction\",\"target\":\"https:\/\/www.opco.fr\/info\/?s={search_term_string}\",\"query-input\":\"required name=search_term_string\"}],\"inLanguage\":\"fr-FR\"},{\"@type\":\"ImageObject\",\"@id\":\"https:\/\/www.opco.fr\/info\/rapport-dactivite-de-france-competence\/#primaryimage\",\"inLanguage\":\"fr-FR\",\"url\":\"https:\/\/www.opco.fr\/info\/wp-content\/uploads\/2021\/09\/rapport.jpg\",\"contentUrl\":\"https:\/\/www.opco.fr\/info\/wp-content\/uploads\/2021\/09\/rapport.jpg\",\"width\":1267,\"height\":568},{\"@type\":\"WebPage\",\"@id\":\"https:\/\/www.opco.fr\/info\/rapport-dactivite-de-france-competence\/#webpage\",\"url\":\"https:\/\/www.opco.fr\/info\/rapport-dactivite-de-france-competence\/\",\"name\":\"Rapport d'activit\\u00e9 de France Comp\\u00e9tence - OPCO.fr\",\"isPartOf\":{\"@id\":\"https:\/\/www.opco.fr\/info\/#website\"},\"primaryImageOfPage\":{\"@id\":\"https:\/\/www.opco.fr\/info\/rapport-dactivite-de-france-competence\/#primaryimage\"},\"datePublished\":\"2021-09-15T07:36:23+00:00\",\"dateModified\":\"2021-09-15T07:36:23+00:00\",\"author\":{\"@id\":\"https:\/\/www.opco.fr\/info\/#\/schema\/person\/226daffa211f4a624bbe4f361f3c77b1\"},\"breadcrumb\":{\"@id\":\"https:\/\/www.opco.fr\/info\/rapport-dactivite-de-france-competence\/#breadcrumb\"},\"inLanguage\":\"fr-FR\",\"potentialAction\":[{\"@type\":\"ReadAction\",\"target\":[\"https:\/\/www.opco.fr\/info\/rapport-dactivite-de-france-competence\/\"]}]},{\"@type\":\"BreadcrumbList\",\"@id\":\"https:\/\/www.opco.fr\/info\/rapport-dactivite-de-france-competence\/#breadcrumb\",\"itemListElement\":[{\"@type\":\"ListItem\",\"position\":1,\"item\":{\"@type\":\"WebPage\",\"@id\":\"https:\/\/www.opco.fr\/info\/\",\"url\":\"https:\/\/www.opco.fr\/info\/\",\"name\":\"Accueil\"}},{\"@type\":\"ListItem\",\"position\":2,\"item\":{\"@type\":\"WebPage\",\"@id\":\"https:\/\/www.opco.fr\/info\/rapport-dactivite-de-france-competence\/\",\"url\":\"https:\/\/www.opco.fr\/info\/rapport-dactivite-de-france-competence\/\",\"name\":\"Rapport d&rsquo;activit\\u00e9 de France Comp\\u00e9tence\"}}]},{\"@type\":\"Person\",\"@id\":\"https:\/\/www.opco.fr\/info\/#\/schema\/person\/226daffa211f4a624bbe4f361f3c77b1\",\"name\":\"Administrateur\",\"image\":{\"@type\":\"ImageObject\",\"@id\":\"https:\/\/www.opco.fr\/info\/#personlogo\",\"inLanguage\":\"fr-FR\",\"url\":\"https:\/\/secure.gravatar.com\/avatar\/226e95a0dc1b7d8a64ab33609839230b?s=96&d=mm&r=g\",\"contentUrl\":\"https:\/\/secure.gravatar.com\/avatar\/226e95a0dc1b7d8a64ab33609839230b?s=96&d=mm&r=g\",\"caption\":\"Administrateur\"}}]}<\/script>\n<!-- \/ Yoast SEO plugin. -->","_links":{"self":[{"href":"https:\/\/www.opco.fr\/info\/wp-json\/wp\/v2\/posts\/407"}],"collection":[{"href":"https:\/\/www.opco.fr\/info\/wp-json\/wp\/v2\/posts"}],"about":[{"href":"https:\/\/www.opco.fr\/info\/wp-json\/wp\/v2\/types\/post"}],"author":[{"embeddable":true,"href":"https:\/\/www.opco.fr\/info\/wp-json\/wp\/v2\/users\/1"}],"replies":[{"embeddable":true,"href":"https:\/\/www.opco.fr\/info\/wp-json\/wp\/v2\/comments?post=407"}],"version-history":[{"count":1,"href":"https:\/\/www.opco.fr\/info\/wp-json\/wp\/v2\/posts\/407\/revisions"}],"predecessor-version":[{"id":409,"href":"https:\/\/www.opco.fr\/info\/wp-json\/wp\/v2\/posts\/407\/revisions\/409"}],"wp:featuredmedia":[{"embeddable":true,"href":"https:\/\/www.opco.fr\/info\/wp-json\/wp\/v2\/media\/408"}],"wp:attachment":[{"href":"https:\/\/www.opco.fr\/info\/wp-json\/wp\/v2\/media?parent=407"}],"wp:term":[{"taxonomy":"category","embeddable":true,"href":"https:\/\/www.opco.fr\/info\/wp-json\/wp\/v2\/categories?post=407"},{"taxonomy":"post_tag","embeddable":true,"href":"https:\/\/www.opco.fr\/info\/wp-json\/wp\/v2\/tags?post=407"}],"curies":[{"name":"wp","href":"https:\/\/api.w.org\/{rel}","templated":true}]}}