{"id":403,"date":"2021-08-23T09:06:19","date_gmt":"2021-08-23T07:06:19","guid":{"rendered":"https:\/\/www.opco.fr\/info\/?p=403"},"modified":"2021-08-23T09:06:19","modified_gmt":"2021-08-23T07:06:19","slug":"devenir-acteur-de-la-transition-energetique-quelle-formation-choisir","status":"publish","type":"post","link":"https:\/\/www.opco.fr\/info\/devenir-acteur-de-la-transition-energetique-quelle-formation-choisir\/","title":{"rendered":"Devenir acteur de la transition \u00e9nerg\u00e9tique, quelle formation choisir ?"},"content":{"rendered":"[vc_row][vc_column][vc_column_text el_id=\u00a0\u00bbWP-intro\u00a0\u00bb]Le doute n\u2019est plus permis, le destin de notre plan\u00e8te exige une m\u00e9tamorphose profonde de nos habitudes de production et de consommation. Le domaine de l\u2019\u00e9nergie repr\u00e9sente l\u2019un des enjeux fondamentaux du changement. Au c\u0153ur des fl\u00e9aux qui menacent l\u2019environnement et la vie humaine, notre utilisation des \u00e9nergies industrielles, des modes de chauffage ou de transport se trouve dans une phase d\u2019\u00e9volution que l\u2019on nomme \u00ab la transition \u00e9nerg\u00e9tique \u00bb. Programme d\u2019une ampleur in\u00e9dite, la transition \u00e9nerg\u00e9tique d\u00e9pend d\u2019un cahier des charges ambitieux. Son impact sur l\u2019\u00e9conomie est consid\u00e9rable et influence les contours du march\u00e9 de l\u2019emploi.[\/vc_column_text][vc_empty_space][vc_column_text el_class=\u00a0\u00bbWP-texte\u00a0\u00bb]\n<h2>La transition \u00e9nerg\u00e9tique : enjeux et actions<\/h2>\n<p>&nbsp;<\/p>\n<h3>Les enjeux : lutter contre la pollution, le r\u00e9chauffement climatique, les in\u00e9galit\u00e9s<\/h3>\n<p>La notion de transition \u00e9nerg\u00e9tique s\u2019inscrit dans un mouvement plus vaste autour de l\u2019\u00e9volution des comportements en faveur d\u2019une \u00e9cologie responsable et d\u2019un mode de vie durable. Elle r\u00e9pond \u00e0 plusieurs enjeux dont l\u2019importance prend de plus en plus de place dans les consciences, g\u00e9n\u00e9rant des programmes d\u2019action concrets, bien qu\u2019encore insuffisants, \u00e0 l\u2019\u00e9chelle mondiale.<\/p>\n<p>La transition \u00e9nerg\u00e9tique vise \u00e0 limiter les \u00e9missions de gaz \u00e0 effet de serre afin de ralentir le r\u00e9chauffement climatique. Elle lutte contre la surconsommation d\u2019\u00e9nergie pour r\u00e9duire la pollution, prot\u00e9ger l\u2019environnement et la sant\u00e9. Elle a \u00e9galement pour objet de proposer un march\u00e9 de l\u2019\u00e9nergie plus \u00e9quitable et accessible \u00e0 tous, de favoriser le circuit court et l\u2019emploi local.<\/p>\n<h3>Actions : d\u00e9veloppements technologiques et mutations des comportements<\/h3>\n<p>Depuis plusieurs d\u00e9cennies, de nombreuses nations ont initi\u00e9 des programmes de transition \u00e9nerg\u00e9tique, \u00e0 des degr\u00e9s divers. De nombreuses associations s\u2019impliquent r\u00e9solument dans ce mouvement \u00e9cologique. Dans les hautes sph\u00e8res comme au sein de la population, les pr\u00e9occupations vertes gagnent du terrain. Le changement global de l\u2019utilisation des \u00e9nergies concerne de multiples domaines de la vie humaine comme le chauffage, les transports ou les industries.<\/p>\n<p>Les principes d\u2019action de la transition \u00e9nerg\u00e9tique se concentrent notamment sur le passage des \u00e9nergies combustibles fossiles &#8211; polluantes, dangereuses et in\u00e9galitaires &#8211; aux \u00e9nergies propres et renouvelables. Le solaire, l\u2019\u00e9olien, l\u2019hydro\u00e9lectricit\u00e9 ou encore la g\u00e9othermie font donc partie des investissements prioritaires. Sur le volet comportemental, les programmes de transition visent aussi \u00e0 modifier nos habitudes de consommation. Objectifs : adopter un mode de vie plus sobre, privil\u00e9gier le recyclage et la r\u00e9utilisation.<\/p>\n<p>En parall\u00e8le des modes de production d\u2019\u00e9nergie, la transition \u00e9nerg\u00e9tique s\u2019attelle \u00e9galement \u00e0 d\u00e9velopper d\u2019autres technologies permettant de renforcer les objectifs \u00e0 atteindre. Ces techniques se situent principalement dans le domaine du b\u00e2timent, gr\u00e2ce \u00e0 des constructions novatrices mais aussi \u00e0 la r\u00e9novation et \u00e0 l\u2019isolation.<\/p>\n<h2>Transition \u00e9nerg\u00e9tique : la r\u00e9action du march\u00e9 \u00e9conomique<\/h2>\n<p>La transition \u00e9nerg\u00e9tique a d\u00e9j\u00e0 un impact consid\u00e9rable sur le march\u00e9 \u00e9conomique. L\u2019avenir verra se d\u00e9velopper de plus en plus d\u2019entreprises porteuses de changement dans l\u2019usage des \u00e9nergies. Certains secteurs d\u2019activit\u00e9s b\u00e9n\u00e9ficient d\u2019un d\u00e9veloppement cons\u00e9quent tandis qu\u2019\u00e9mergent de nouvelles branches professionnelles. C\u2019est logiquement dans le march\u00e9 des \u00e9nergies renouvelables que se dessine l\u2019essor le plus spectaculaire. L\u2019agence de la transition \u00e9cologique \u2013 ADEME &#8211; rapporte, dans une \u00e9tude dat\u00e9e de 2019*, une augmentation de l\u2019emploi du secteur \u00e0 hauteur de 39%. L\u2019univers des transports suit \u00e9galement la vague d\u2019une vision in\u00e9dite de la consommation d\u2019\u00e9nergie. Les transports en commun, la production de v\u00e9hicules \u00e9lectriques ou de voitures moins polluantes constituent des domaines d\u2019activit\u00e9s florissants. Du c\u00f4t\u00e9 de la construction et du b\u00e2timent, on parie aussi sur le virage \u00e9nerg\u00e9tique. L\u2019isolation et la r\u00e9novation sont grandement favoris\u00e9es tandis que la construction nouvelle en basse \u00e9nergie fait des \u00e9mules.<\/p>\n<h2>Emploi et formation : prendre part \u00e0 la transition \u00e9nerg\u00e9tique<\/h2>\n<p>Les secteurs des \u00e9nergies renouvelables, du transport et du b\u00e2timent sont, d\u2019un point de vue \u00e9conomique, les grands gagnants de la transition \u00e9nerg\u00e9tique. Dans les entreprises concern\u00e9es, les emplois ont fait un bond ces derni\u00e8res ann\u00e9es g\u00e9n\u00e9rant des besoins in\u00e9dits de comp\u00e9tences et de fonctions sp\u00e9cifiques. D\u2019autres fonctions p\u00e9riph\u00e9riques semblent aussi prendre leur place dans la promotion de l\u2019\u00e9nergie verte ou l\u2019accompagnement de projets de transition.<\/p>\n<p>A l\u2019avenir, les financements publics vont, logiquement, favoriser les formations d\u00e9bouchant sur des m\u00e9tiers verts. Opter pour une action de d\u00e9veloppement de comp\u00e9tences dans le spectre de la transition \u00e9nerg\u00e9tique est donc gage d\u2019accessibilit\u00e9 et d\u2019opportunit\u00e9s.[\/vc_column_text][vc_empty_space][vc_column_text el_id=\u00a0\u00bbWP-conclusion\u00a0\u00bb]Vers quelles formations se diriger pour prendre le train en marche ? Les formations qui m\u00e8nent \u00e0 un poste dans le domaine de la transition \u00e9nerg\u00e9tique sont nombreuses. Ing\u00e9nieur sp\u00e9cialis\u00e9 dans les \u00e9nergies renouvelables, consultant en RSE, ouvrier qualifi\u00e9 du b\u00e2timent, conseiller en \u00e9nergie, diagnostiqueur de syst\u00e8mes \u00e9nerg\u00e9tiques, charg\u00e9 de projet \u00e9nergie, sont autant de pistes \u00e0 suivre pour participer activement \u00e0 une vision nouvelle de l\u2019utilisation de l\u2019\u00e9nergie.[\/vc_column_text][\/vc_column][\/vc_row]\n","protected":false},"excerpt":{"rendered":"<p>[vc_row][vc_column][vc_column_text el_id=\u00a0\u00bbWP-intro\u00a0\u00bb]Le doute n\u2019est plus permis, le destin de notre plan\u00e8te exige une m\u00e9tamorphose profonde de nos habitudes de production et de consommation. Le domaine de l\u2019\u00e9nergie repr\u00e9sente l\u2019un des enjeux fondamentaux du changement. Au c\u0153ur des fl\u00e9aux qui menacent l\u2019environnement et la vie humaine, notre utilisation des \u00e9nergies industrielles, des modes de chauffage ou [&hellip;]<\/p>\n","protected":false},"author":1,"featured_media":405,"comment_status":"closed","ping_status":"open","sticky":false,"template":"","format":"standard","meta":[],"categories":[3],"tags":[11,10],"yoast_head":"<!-- This site is optimized with the Yoast SEO plugin v16.1.1 - https:\/\/yoast.com\/wordpress\/plugins\/seo\/ -->\n<title>Devenir acteur de la transition \u00e9nerg\u00e9tique, quelle formation choisir ? - OPCO.fr<\/title>\n<link rel=\"canonical\" href=\"https:\/\/www.opco.fr\/info\/devenir-acteur-de-la-transition-energetique-quelle-formation-choisir\/\" \/>\n<meta property=\"og:locale\" content=\"fr_FR\" \/>\n<meta property=\"og:type\" content=\"article\" \/>\n<meta property=\"og:title\" content=\"Devenir acteur de la transition \u00e9nerg\u00e9tique, quelle formation choisir ? - OPCO.fr\" \/>\n<meta property=\"og:description\" content=\"[vc_row][vc_column][vc_column_text el_id=\u00a0\u00bbWP-intro\u00a0\u00bb]Le doute n\u2019est plus permis, le destin de notre plan\u00e8te exige une m\u00e9tamorphose profonde de nos habitudes de production et de consommation. Le domaine de l\u2019\u00e9nergie repr\u00e9sente l\u2019un des enjeux fondamentaux du changement. Au c\u0153ur des fl\u00e9aux qui menacent l\u2019environnement et la vie humaine, notre utilisation des \u00e9nergies industrielles, des modes de chauffage ou [&hellip;]\" \/>\n<meta property=\"og:url\" content=\"https:\/\/www.opco.fr\/info\/devenir-acteur-de-la-transition-energetique-quelle-formation-choisir\/\" \/>\n<meta property=\"og:site_name\" content=\"OPCO.fr\" \/>\n<meta property=\"article:published_time\" content=\"2021-08-23T07:06:19+00:00\" \/>\n<meta property=\"og:image\" content=\"https:\/\/www.opco.fr\/info\/wp-content\/uploads\/2021\/08\/ecologie.jpg\" \/>\n\t<meta property=\"og:image:width\" content=\"1000\" \/>\n\t<meta property=\"og:image:height\" content=\"490\" \/>\n<meta name=\"twitter:card\" content=\"summary_large_image\" \/>\n<meta name=\"twitter:label1\" content=\"Dur\u00e9e de lecture est.\">\n\t<meta name=\"twitter:data1\" content=\"4 minutes\">\n<script type=\"application\/ld+json\" class=\"yoast-schema-graph\">{\"@context\":\"https:\/\/schema.org\",\"@graph\":[{\"@type\":\"WebSite\",\"@id\":\"https:\/\/www.opco.fr\/info\/#website\",\"url\":\"https:\/\/www.opco.fr\/info\/\",\"name\":\"OPCO.fr\",\"description\":\"Optimisateur de comp\\u00e9tences\",\"potentialAction\":[{\"@type\":\"SearchAction\",\"target\":\"https:\/\/www.opco.fr\/info\/?s={search_term_string}\",\"query-input\":\"required name=search_term_string\"}],\"inLanguage\":\"fr-FR\"},{\"@type\":\"ImageObject\",\"@id\":\"https:\/\/www.opco.fr\/info\/devenir-acteur-de-la-transition-energetique-quelle-formation-choisir\/#primaryimage\",\"inLanguage\":\"fr-FR\",\"url\":\"https:\/\/www.opco.fr\/info\/wp-content\/uploads\/2021\/08\/ecologie.jpg\",\"contentUrl\":\"https:\/\/www.opco.fr\/info\/wp-content\/uploads\/2021\/08\/ecologie.jpg\",\"width\":1000,\"height\":490},{\"@type\":\"WebPage\",\"@id\":\"https:\/\/www.opco.fr\/info\/devenir-acteur-de-la-transition-energetique-quelle-formation-choisir\/#webpage\",\"url\":\"https:\/\/www.opco.fr\/info\/devenir-acteur-de-la-transition-energetique-quelle-formation-choisir\/\",\"name\":\"Devenir acteur de la transition \\u00e9nerg\\u00e9tique, quelle formation choisir ? - OPCO.fr\",\"isPartOf\":{\"@id\":\"https:\/\/www.opco.fr\/info\/#website\"},\"primaryImageOfPage\":{\"@id\":\"https:\/\/www.opco.fr\/info\/devenir-acteur-de-la-transition-energetique-quelle-formation-choisir\/#primaryimage\"},\"datePublished\":\"2021-08-23T07:06:19+00:00\",\"dateModified\":\"2021-08-23T07:06:19+00:00\",\"author\":{\"@id\":\"https:\/\/www.opco.fr\/info\/#\/schema\/person\/226daffa211f4a624bbe4f361f3c77b1\"},\"breadcrumb\":{\"@id\":\"https:\/\/www.opco.fr\/info\/devenir-acteur-de-la-transition-energetique-quelle-formation-choisir\/#breadcrumb\"},\"inLanguage\":\"fr-FR\",\"potentialAction\":[{\"@type\":\"ReadAction\",\"target\":[\"https:\/\/www.opco.fr\/info\/devenir-acteur-de-la-transition-energetique-quelle-formation-choisir\/\"]}]},{\"@type\":\"BreadcrumbList\",\"@id\":\"https:\/\/www.opco.fr\/info\/devenir-acteur-de-la-transition-energetique-quelle-formation-choisir\/#breadcrumb\",\"itemListElement\":[{\"@type\":\"ListItem\",\"position\":1,\"item\":{\"@type\":\"WebPage\",\"@id\":\"https:\/\/www.opco.fr\/info\/\",\"url\":\"https:\/\/www.opco.fr\/info\/\",\"name\":\"Accueil\"}},{\"@type\":\"ListItem\",\"position\":2,\"item\":{\"@type\":\"WebPage\",\"@id\":\"https:\/\/www.opco.fr\/info\/devenir-acteur-de-la-transition-energetique-quelle-formation-choisir\/\",\"url\":\"https:\/\/www.opco.fr\/info\/devenir-acteur-de-la-transition-energetique-quelle-formation-choisir\/\",\"name\":\"Devenir acteur de la transition \\u00e9nerg\\u00e9tique, quelle formation choisir ?\"}}]},{\"@type\":\"Person\",\"@id\":\"https:\/\/www.opco.fr\/info\/#\/schema\/person\/226daffa211f4a624bbe4f361f3c77b1\",\"name\":\"Administrateur\",\"image\":{\"@type\":\"ImageObject\",\"@id\":\"https:\/\/www.opco.fr\/info\/#personlogo\",\"inLanguage\":\"fr-FR\",\"url\":\"https:\/\/secure.gravatar.com\/avatar\/226e95a0dc1b7d8a64ab33609839230b?s=96&d=mm&r=g\",\"contentUrl\":\"https:\/\/secure.gravatar.com\/avatar\/226e95a0dc1b7d8a64ab33609839230b?s=96&d=mm&r=g\",\"caption\":\"Administrateur\"}}]}<\/script>\n<!-- \/ Yoast SEO plugin. -->","_links":{"self":[{"href":"https:\/\/www.opco.fr\/info\/wp-json\/wp\/v2\/posts\/403"}],"collection":[{"href":"https:\/\/www.opco.fr\/info\/wp-json\/wp\/v2\/posts"}],"about":[{"href":"https:\/\/www.opco.fr\/info\/wp-json\/wp\/v2\/types\/post"}],"author":[{"embeddable":true,"href":"https:\/\/www.opco.fr\/info\/wp-json\/wp\/v2\/users\/1"}],"replies":[{"embeddable":true,"href":"https:\/\/www.opco.fr\/info\/wp-json\/wp\/v2\/comments?post=403"}],"version-history":[{"count":1,"href":"https:\/\/www.opco.fr\/info\/wp-json\/wp\/v2\/posts\/403\/revisions"}],"predecessor-version":[{"id":404,"href":"https:\/\/www.opco.fr\/info\/wp-json\/wp\/v2\/posts\/403\/revisions\/404"}],"wp:featuredmedia":[{"embeddable":true,"href":"https:\/\/www.opco.fr\/info\/wp-json\/wp\/v2\/media\/405"}],"wp:attachment":[{"href":"https:\/\/www.opco.fr\/info\/wp-json\/wp\/v2\/media?parent=403"}],"wp:term":[{"taxonomy":"category","embeddable":true,"href":"https:\/\/www.opco.fr\/info\/wp-json\/wp\/v2\/categories?post=403"},{"taxonomy":"post_tag","embeddable":true,"href":"https:\/\/www.opco.fr\/info\/wp-json\/wp\/v2\/tags?post=403"}],"curies":[{"name":"wp","href":"https:\/\/api.w.org\/{rel}","templated":true}]}}