{"id":385,"date":"2021-06-29T08:56:38","date_gmt":"2021-06-29T06:56:38","guid":{"rendered":"https:\/\/www.opco.fr\/info\/?p=385"},"modified":"2021-06-29T08:56:38","modified_gmt":"2021-06-29T06:56:38","slug":"emploi-precaire-quels-enjeux-pour-la-formation","status":"publish","type":"post","link":"https:\/\/www.opco.fr\/info\/emploi-precaire-quels-enjeux-pour-la-formation\/","title":{"rendered":"Emploi pr\u00e9caire : quels enjeux pour la formation ?"},"content":{"rendered":"[vc_row][vc_column][vc_column_text el_id=\u00a0\u00bbWP-intro\u00a0\u00bb]Les emplois \u00ab \u00e9clat\u00e9s \u00bb occupent une place grandissante dans l\u2019horizon des modalit\u00e9s de travail. Cumul de jobs \u00e0 temps partiel et changement fr\u00e9quent d\u2019employeur sont le quotidien de nombreux travailleurs en France. Faibles revenus, instabilit\u00e9 et absence de perspectives, quels profils font face \u00e0 la pr\u00e9carit\u00e9 d\u2019un emploi \u00ab \u00e9clat\u00e9 \u00bb durable et quel r\u00f4le la formation peut-elle y jouer ? Ce sont les questions que se pose le CEREQ dans son BREF intitul\u00e9 \u00ab Emploi \u00e9clat\u00e9, pr\u00e9carit\u00e9 et formation : sortir du cercle vicieux \u00bb.[\/vc_column_text][vc_empty_space][vc_column_text el_class=\u00a0\u00bbWP-texte\u00a0\u00bb]\n<h2>Etat des lieux<\/h2>\n<p>Les 25 derni\u00e8res ann\u00e9es ont vu s\u2019\u00e9tendre, sur le march\u00e9 de l\u2019emploi, la place des CDD et autres contrats pr\u00e9caires. Constat corollaire, ce sont ces m\u00eames emplois, dits \u00ab \u00e9clat\u00e9s \u00bb, qui sont en premi\u00e8re ligne en cas de crise. Souvent peu qualifi\u00e9s, moins bien r\u00e9mun\u00e9r\u00e9s, facteurs de flexibilit\u00e9, ils seront parmi les premiers \u00e0 perdre leur source de revenus lorsque les temps se g\u00e2tent. Un public \u00e0 soutenir et renforcer donc, notamment au moyen des dispositifs de formation. Le CEREQ se base sur \u00ab D\u00e9fis \u00bb, un Dispositif d\u2019Enqu\u00eates sur les Formations et Itin\u00e9raires des salari\u00e9s, pour analyser la situation et proposer des pistes de solution. Tour d\u2019horizon des profils et secteurs qui composent cette tranche sp\u00e9cifique du monde salarial.<\/p>\n<h3>Des jeunes et des femmes<\/h3>\n<p>La publication du CEREQ s\u2019int\u00e9resse aux salari\u00e9s qui travaillent simultan\u00e9ment pour diff\u00e9rents employeurs ou qui ont exerc\u00e9 plusieurs emplois au cours de la m\u00eame ann\u00e9e. Ce sont les jeunes qui sont repr\u00e9sent\u00e9s en majorit\u00e9 dans cette cat\u00e9gorie. Ils sont nombreux \u00e0 financer leurs \u00e9tudes gr\u00e2ce \u00e0 un ou plusieurs jobs d\u2019appoint, ou \u00e0 d\u00e9marrer leur carri\u00e8re par des contrats \u00e0 dur\u00e9e d\u00e9termin\u00e9e. Un cas de figure courant et temporaire qui pourrait donc ne pas leur porter pr\u00e9judice, sauf lorsque que cela se prolonge et devient donc une situation professionnelle durablement pr\u00e9caire.<\/p>\n<p>D\u00e9fis met aussi en lumi\u00e8re la situation particuli\u00e8re des salari\u00e9s seniors. S\u2019ils sont la cat\u00e9gorie de population la moins concern\u00e9e par l\u2019emploi \u00e9clat\u00e9, ce sont eux qui y restent malheureusement le plus longtemps. Du c\u00f4t\u00e9 de l\u2019in\u00e9galit\u00e9 des genres, les femmes sont nettement sur-repr\u00e9sent\u00e9es. Les causes se cachent notamment du c\u00f4t\u00e9 des emplois tr\u00e8s \u00ab f\u00e9minis\u00e9s \u00bb, comme les services aux particuliers, morcel\u00e9s dans leur ex\u00e9cution et, \u00e0 tort, peu valoris\u00e9s \u00e9conomiquement.<\/p>\n<h3>Le co\u00fbt de la flexibilit\u00e9<\/h3>\n<p>Les secteurs, concern\u00e9s par l\u2019emploi \u00e9clat\u00e9, ont en commun des contraintes de flexibilit\u00e9 en termes d\u2019horaires et de volume d\u2019effectifs. La nature de leurs activit\u00e9s est \u00e0 la source d\u2019un \u00e9clatement dans la gestion de leur personnel d\u2019o\u00f9 le recours \u00e0 des CDD, des horaires variables, des temps partiels et des contrats saisonniers. On pense naturellement \u00e0 la restauration, aux loisirs ou \u00e0 l\u2019h\u00f4tellerie dont l\u2019activit\u00e9 fluctue au cours des saisons et qui \u00e9chappent aux horaires de travail classiques. La sant\u00e9 et le service aux personnes sont \u00e9galement particuli\u00e8rement concern\u00e9s par les contrats \u00e0 court-terme ou \u00e0 temps partiel. Les structures professionnelles, b\u00e9n\u00e9ficiant de financements temporaires, comme les associations vont aussi se tourner vers des CDD.<\/p>\n<h2>D\u2019un emploi \u00e9clat\u00e9 \u00e0 un emploi durablement pr\u00e9caire<\/h2>\n<p>A l\u2019exception des \u00e9tudiants ou d\u2019autres profils optant volontairement pour ce mode de vie professionnelle, la majorit\u00e9 de ces travailleurs sont d\u00e9favoris\u00e9s par rapport aux salari\u00e9s classiques. L\u2019enqu\u00eate D\u00e9fis rel\u00e8ve trois cons\u00e9quences n\u00e9fastes : un moindre temps de travail annuel, une r\u00e9mun\u00e9ration plus faible et l\u2019ins\u00e9curit\u00e9 de l\u2019emploi d\u00e9bouchant sur une absence de perspectives. Les individus, en situation d\u2019emploi \u00e9clat\u00e9 durablement pr\u00e9caire, expriment le souhait de trouver un travail plus s\u00e9curis\u00e9, de se tourner vers la fonction publique ou vers la cr\u00e9ation d\u2019entreprise.<\/p>\n<h2>La formation, outil de lutte contre la pr\u00e9carit\u00e9<\/h2>\n<p>La formation devrait \u00eatre l\u2019un des leviers d\u2019action permettant de s\u2019extraire du cercle vicieux de la pr\u00e9carit\u00e9 professionnelle. On en est loin malheureusement, comme le constate D\u00e9fis. Manque d\u2019information ou de sentiment de l\u00e9gitimit\u00e9, les travailleurs en situation d\u2019emploi \u00e9clat\u00e9, bien que tent\u00e9s par la formation, en font peu la demande. Ceux qui en ont b\u00e9n\u00e9fici\u00e9 s\u2019orientent vers des th\u00e9matiques d\u2019accompagnement au changement, de recherche d\u2019emploi ou de cr\u00e9ation d\u2019entreprise. Signe que la formation est bien un rouage essentiel \u00e0 la s\u00e9curisation du parcours d\u2019emploi.[\/vc_column_text][vc_empty_space][vc_column_text el_id=\u00a0\u00bbWP-conclusion\u00a0\u00bb]Les lois de 2009 et 2014, visant la s\u00e9curisation des parcours professionnels, ont permis de lier la formation, non plus au poste de travail, mais \u00e0 l\u2019individu. Force est de constater que ces \u00e9volutions sont encore insuffisantes pour que les atouts de la formation produisent leur plein effet aupr\u00e8s de ce public en particulier. En 2018, la loi avenir assurait la refonte du CPF \u2013 Compte personnel de Formation \u2013 comportant une attention sp\u00e9cifique aux profils peu qualifi\u00e9s, un espoir donc pour une \u00e9volution positive. Pour en savoir plus, <strong>consultez <a href=\"https:\/\/www.cereq.fr\/emploi-eclate-precarite-et-formation-sortir-du-cercle-vicieux\" target=\"_blank\" rel=\"noopener\">la publication du CEREQ<\/a>.<\/strong>[\/vc_column_text][\/vc_column][\/vc_row]\n","protected":false},"excerpt":{"rendered":"<p>[vc_row][vc_column][vc_column_text el_id=\u00a0\u00bbWP-intro\u00a0\u00bb]Les emplois \u00ab \u00e9clat\u00e9s \u00bb occupent une place grandissante dans l\u2019horizon des modalit\u00e9s de travail. Cumul de jobs \u00e0 temps partiel et changement fr\u00e9quent d\u2019employeur sont le quotidien de nombreux travailleurs en France. Faibles revenus, instabilit\u00e9 et absence de perspectives, quels profils font face \u00e0 la pr\u00e9carit\u00e9 d\u2019un emploi \u00ab \u00e9clat\u00e9 \u00bb durable et [&hellip;]<\/p>\n","protected":false},"author":1,"featured_media":387,"comment_status":"closed","ping_status":"open","sticky":false,"template":"","format":"standard","meta":[],"categories":[3],"tags":[6],"yoast_head":"<!-- This site is optimized with the Yoast SEO plugin v16.1.1 - https:\/\/yoast.com\/wordpress\/plugins\/seo\/ -->\n<title>Emploi pr\u00e9caire : quels enjeux pour la formation ? - OPCO.fr<\/title>\n<link rel=\"canonical\" href=\"https:\/\/www.opco.fr\/info\/emploi-precaire-quels-enjeux-pour-la-formation\/\" \/>\n<meta property=\"og:locale\" content=\"fr_FR\" \/>\n<meta property=\"og:type\" content=\"article\" \/>\n<meta property=\"og:title\" content=\"Emploi pr\u00e9caire : quels enjeux pour la formation ? - OPCO.fr\" \/>\n<meta property=\"og:description\" content=\"[vc_row][vc_column][vc_column_text el_id=\u00a0\u00bbWP-intro\u00a0\u00bb]Les emplois \u00ab \u00e9clat\u00e9s \u00bb occupent une place grandissante dans l\u2019horizon des modalit\u00e9s de travail. Cumul de jobs \u00e0 temps partiel et changement fr\u00e9quent d\u2019employeur sont le quotidien de nombreux travailleurs en France. Faibles revenus, instabilit\u00e9 et absence de perspectives, quels profils font face \u00e0 la pr\u00e9carit\u00e9 d\u2019un emploi \u00ab \u00e9clat\u00e9 \u00bb durable et [&hellip;]\" \/>\n<meta property=\"og:url\" content=\"https:\/\/www.opco.fr\/info\/emploi-precaire-quels-enjeux-pour-la-formation\/\" \/>\n<meta property=\"og:site_name\" content=\"OPCO.fr\" \/>\n<meta property=\"article:published_time\" content=\"2021-06-29T06:56:38+00:00\" \/>\n<meta property=\"og:image\" content=\"https:\/\/www.opco.fr\/info\/wp-content\/uploads\/2021\/06\/pont.jpg\" \/>\n\t<meta property=\"og:image:width\" content=\"1276\" \/>\n\t<meta property=\"og:image:height\" content=\"371\" \/>\n<meta name=\"twitter:card\" content=\"summary_large_image\" \/>\n<meta name=\"twitter:label1\" content=\"Dur\u00e9e de lecture est.\">\n\t<meta name=\"twitter:data1\" content=\"4 minutes\">\n<script type=\"application\/ld+json\" class=\"yoast-schema-graph\">{\"@context\":\"https:\/\/schema.org\",\"@graph\":[{\"@type\":\"WebSite\",\"@id\":\"https:\/\/www.opco.fr\/info\/#website\",\"url\":\"https:\/\/www.opco.fr\/info\/\",\"name\":\"OPCO.fr\",\"description\":\"Optimisateur de comp\\u00e9tences\",\"potentialAction\":[{\"@type\":\"SearchAction\",\"target\":\"https:\/\/www.opco.fr\/info\/?s={search_term_string}\",\"query-input\":\"required name=search_term_string\"}],\"inLanguage\":\"fr-FR\"},{\"@type\":\"ImageObject\",\"@id\":\"https:\/\/www.opco.fr\/info\/emploi-precaire-quels-enjeux-pour-la-formation\/#primaryimage\",\"inLanguage\":\"fr-FR\",\"url\":\"https:\/\/www.opco.fr\/info\/wp-content\/uploads\/2021\/06\/pont.jpg\",\"contentUrl\":\"https:\/\/www.opco.fr\/info\/wp-content\/uploads\/2021\/06\/pont.jpg\",\"width\":1276,\"height\":371},{\"@type\":\"WebPage\",\"@id\":\"https:\/\/www.opco.fr\/info\/emploi-precaire-quels-enjeux-pour-la-formation\/#webpage\",\"url\":\"https:\/\/www.opco.fr\/info\/emploi-precaire-quels-enjeux-pour-la-formation\/\",\"name\":\"Emploi pr\\u00e9caire : quels enjeux pour la formation ? - OPCO.fr\",\"isPartOf\":{\"@id\":\"https:\/\/www.opco.fr\/info\/#website\"},\"primaryImageOfPage\":{\"@id\":\"https:\/\/www.opco.fr\/info\/emploi-precaire-quels-enjeux-pour-la-formation\/#primaryimage\"},\"datePublished\":\"2021-06-29T06:56:38+00:00\",\"dateModified\":\"2021-06-29T06:56:38+00:00\",\"author\":{\"@id\":\"https:\/\/www.opco.fr\/info\/#\/schema\/person\/226daffa211f4a624bbe4f361f3c77b1\"},\"breadcrumb\":{\"@id\":\"https:\/\/www.opco.fr\/info\/emploi-precaire-quels-enjeux-pour-la-formation\/#breadcrumb\"},\"inLanguage\":\"fr-FR\",\"potentialAction\":[{\"@type\":\"ReadAction\",\"target\":[\"https:\/\/www.opco.fr\/info\/emploi-precaire-quels-enjeux-pour-la-formation\/\"]}]},{\"@type\":\"BreadcrumbList\",\"@id\":\"https:\/\/www.opco.fr\/info\/emploi-precaire-quels-enjeux-pour-la-formation\/#breadcrumb\",\"itemListElement\":[{\"@type\":\"ListItem\",\"position\":1,\"item\":{\"@type\":\"WebPage\",\"@id\":\"https:\/\/www.opco.fr\/info\/\",\"url\":\"https:\/\/www.opco.fr\/info\/\",\"name\":\"Accueil\"}},{\"@type\":\"ListItem\",\"position\":2,\"item\":{\"@type\":\"WebPage\",\"@id\":\"https:\/\/www.opco.fr\/info\/emploi-precaire-quels-enjeux-pour-la-formation\/\",\"url\":\"https:\/\/www.opco.fr\/info\/emploi-precaire-quels-enjeux-pour-la-formation\/\",\"name\":\"Emploi pr\\u00e9caire : quels enjeux pour la formation ?\"}}]},{\"@type\":\"Person\",\"@id\":\"https:\/\/www.opco.fr\/info\/#\/schema\/person\/226daffa211f4a624bbe4f361f3c77b1\",\"name\":\"Administrateur\",\"image\":{\"@type\":\"ImageObject\",\"@id\":\"https:\/\/www.opco.fr\/info\/#personlogo\",\"inLanguage\":\"fr-FR\",\"url\":\"https:\/\/secure.gravatar.com\/avatar\/226e95a0dc1b7d8a64ab33609839230b?s=96&d=mm&r=g\",\"contentUrl\":\"https:\/\/secure.gravatar.com\/avatar\/226e95a0dc1b7d8a64ab33609839230b?s=96&d=mm&r=g\",\"caption\":\"Administrateur\"}}]}<\/script>\n<!-- \/ Yoast SEO plugin. -->","_links":{"self":[{"href":"https:\/\/www.opco.fr\/info\/wp-json\/wp\/v2\/posts\/385"}],"collection":[{"href":"https:\/\/www.opco.fr\/info\/wp-json\/wp\/v2\/posts"}],"about":[{"href":"https:\/\/www.opco.fr\/info\/wp-json\/wp\/v2\/types\/post"}],"author":[{"embeddable":true,"href":"https:\/\/www.opco.fr\/info\/wp-json\/wp\/v2\/users\/1"}],"replies":[{"embeddable":true,"href":"https:\/\/www.opco.fr\/info\/wp-json\/wp\/v2\/comments?post=385"}],"version-history":[{"count":1,"href":"https:\/\/www.opco.fr\/info\/wp-json\/wp\/v2\/posts\/385\/revisions"}],"predecessor-version":[{"id":386,"href":"https:\/\/www.opco.fr\/info\/wp-json\/wp\/v2\/posts\/385\/revisions\/386"}],"wp:featuredmedia":[{"embeddable":true,"href":"https:\/\/www.opco.fr\/info\/wp-json\/wp\/v2\/media\/387"}],"wp:attachment":[{"href":"https:\/\/www.opco.fr\/info\/wp-json\/wp\/v2\/media?parent=385"}],"wp:term":[{"taxonomy":"category","embeddable":true,"href":"https:\/\/www.opco.fr\/info\/wp-json\/wp\/v2\/categories?post=385"},{"taxonomy":"post_tag","embeddable":true,"href":"https:\/\/www.opco.fr\/info\/wp-json\/wp\/v2\/tags?post=385"}],"curies":[{"name":"wp","href":"https:\/\/api.w.org\/{rel}","templated":true}]}}